{"id":8460,"date":"2025-08-27T12:18:52","date_gmt":"2025-08-27T12:18:52","guid":{"rendered":"https:\/\/projecaoastral.meirejcosta.com\/captacao\/?p=8460"},"modified":"2026-08-27T10:18:53","modified_gmt":"2026-08-27T10:18:53","slug":"az-energetikai-hatekonysag-novelese-a-kozep-europai-vallalatoknal","status":"publish","type":"post","link":"https:\/\/projecaoastral.meirejcosta.com\/captacao\/az-energetikai-hatekonysag-novelese-a-kozep-europai-vallalatoknal\/","title":{"rendered":"Az energetikai hat\u00e9konys\u00e1g n\u00f6vel\u00e9se a K\u00f6z\u00e9p-Eur\u00f3pai v\u00e1llalatokn\u00e1l"},"content":{"rendered":"<p>Az energiaforr\u00e1sok folyamatos dr\u00e1gul\u00e1sa \u00e9s a fenntarthat\u00f3s\u00e1g ir\u00e1nti n\u00f6vekv\u0151 elv\u00e1r\u00e1sok arra \u00f6szt\u00f6nzik a v\u00e1llalatokat, hogy korszer\u0171s\u00edtett energiamenedzsment strat\u00e9gi\u00e1kat alkalmazzanak. K\u00f6z\u00e9p-Eur\u00f3p\u00e1ban k\u00fcl\u00f6n\u00f6sen fontos k\u00e9rd\u00e9s ez, mivel a r\u00e9gi\u00f3 gazdas\u00e1gi szerkezete \u00e9s energiapolitik\u00e1ja \u00f6sszetett kih\u00edv\u00e1sokat tartogat. A v\u00e1llalatok sikeress\u00e9ge szorosan \u00f6sszef\u00fcgg az energiar\u00e1ford\u00edt\u00e1s optimaliz\u00e1l\u00e1s\u00e1val, amely nemcsak k\u00f6lts\u00e9gcs\u00f6kkent\u00e9st, hanem k\u00f6rnyezeti felel\u0151ss\u00e9gv\u00e1llal\u00e1st is jelent.<\/p>\n<h2>Az energiahat\u00e9konys\u00e1gi strat\u00e9gi\u00e1k alapjai<\/h2>\n<p>Az els\u0151 l\u00e9p\u00e9s az energiafelhaszn\u00e1l\u00e1s r\u00e9szletes elemz\u00e9se, amely sor\u00e1n felder\u00edtj\u00fck a legnagyobb energiaig\u00e9ny\u0171 folyamatokat \u00e9s azok optimaliz\u00e1l\u00e1si lehet\u0151s\u00e9geit. Ezut\u00e1n speci\u00e1lis technol\u00f3gi\u00e1k \u00e9s menedzsment m\u00f3dszertanok alkalmaz\u00e1s\u00e1val lehet\u0151s\u00e9g ny\u00edlik a pazarl\u00e1s cs\u00f6kkent\u00e9s\u00e9re. Egyre nagyobb figyelmet kapnak a p\u00e9ld\u00e1ul az intelligens m\u00e9r\u0151rendszerek, amelyek val\u00f3s idej\u0171 adatokat szolg\u00e1ltatnak az energiafogyaszt\u00e1sr\u00f3l \u00e9s seg\u00edtenek gyors beavatkoz\u00e1sokban.<\/p>\n<p>Ezen technol\u00f3gi\u00e1k integr\u00e1l\u00e1sa nem egyszer\u0171 feladat, hiszen a komplexit\u00e1s \u00e9s az adatok mennyis\u00e9ge magas szint\u0171 szak\u00e9rtelmet ig\u00e9nyel. A helysz\u00edni auditok \u00e9s a digitaliz\u00e1ci\u00f3 lehet\u0151s\u00e9get adnak arra, hogy a v\u00e1llalatok pontosabb k\u00e9pet kapjanak saj\u00e1t energiafelhaszn\u00e1l\u00e1sukr\u00f3l, majd erre alapozva hat\u00e9konyabb strat\u00e9gi\u00e1kat alak\u00edtsanak ki.<\/p>\n<h2>Az informatika szerepe az energiahat\u00e9konys\u00e1gban<\/h2>\n<p>Ahogy a digitaliz\u00e1ci\u00f3 t\u00e9rnyer\u00e9se n\u00f6veli az adatfeldolgoz\u00e1s \u00e9s az automatiz\u00e1lt rendszerek szerep\u00e9t, a v\u00e1llalatok olyan megold\u00e1sokat keresnek, amelyek lehet\u0151v\u00e9 teszik az energiafelhaszn\u00e1l\u00e1s folyamatos optimaliz\u00e1l\u00e1s\u00e1t. Ebben a kontextusban a megfelel\u0151 szoftverek \u00e9s algoritmusok integr\u00e1l\u00e1sa \u00e9rthet\u0151v\u00e9 teszi a komplex folyamatokat, \u00edgy a d\u00f6nt\u00e9shoz\u00f3k gyorsabban \u00e9s pontosabban hozz\u00e1k meg a sz\u00fcks\u00e9ges l\u00e9p\u00e9seket.<\/p>\n<ul>\n<li>Az energia menedzsment rendszer (EMS) bevezet\u00e9se<\/li>\n<li>Automatiz\u00e1lt figyelmeztet\u00e9sek \u00e9s riaszt\u00e1sok<\/li>\n<li>Val\u00f3s idej\u0171 konzisztencia-ellen\u0151rz\u00e9s<\/li>\n<\/ul>\n<p>Ezek a technol\u00f3gi\u00e1k hat\u00e9konyabb\u00e1 teszik az energiafelhaszn\u00e1l\u00e1s fel\u00fcgyelet\u00e9t \u00e9s a k\u00f6lts\u00e9gek kontrollj\u00e1t. Rendk\u00edv\u00fcl fontos azonban, hogy a megold\u00e1sokat a helyi saj\u00e1toss\u00e1gokhoz igaz\u00edtsuk, hiszen a helyi infrastrukt\u00fara \u00e9s a piac saj\u00e1toss\u00e1gai befoly\u00e1solj\u00e1k a v\u00e9gs\u0151 eredm\u00e9nyeket.<\/p>\n<h2>Hat\u00e9kony egy\u00fcttm\u0171k\u00f6d\u00e9s az ipari szektorban<\/h2>\n<p>Az energiahat\u00e9konys\u00e1g jav\u00edt\u00e1s\u00e1ban jelent\u0151s szerepe van a szak\u00e9rt\u0151i tan\u00e1csad\u00e1snak \u00e9s a helyi szolg\u00e1ltat\u00f3k t\u00e1mogat\u00e1s\u00e1nak. K\u00fcl\u00f6n\u00f6sen fontos, hogy a v\u00e1llalatok olyan partnereket v\u00e1lasszanak, akik m\u00e9ly szakmai tud\u00e1ssal \u00e9s helyismerettel rendelkeznek a r\u00e9gi\u00f3 energetikai kih\u00edv\u00e1sair\u00f3l. Ez\u00e9rt a helyi tapasztalatok \u00e1tad\u00e1sa, kutat\u00e1sok, illetve strat\u00e9giai tan\u00e1csad\u00e1sok n\u00e9lk\u00fcl\u00f6zhetetlenek egy sikeres korszer\u0171s\u00edt\u00e9si folyamat sor\u00e1n.<\/p>\n<p>Az ilyen szint\u0171 egy\u00fcttm\u0171k\u00f6d\u00e9sek lehet\u0151v\u00e9 teszik a v\u00e1llalatok sz\u00e1m\u00e1ra, hogy ne csak k\u00f6lts\u00e9ghat\u00e9konyabb\u00e1, hanem fenntarthat\u00f3bb\u00e1 is tegy\u00e9k m\u0171k\u00f6d\u00e9s\u00fcket. A hossz\u00fa t\u00e1v\u00fa energia fejl\u0151d\u00e9s \u00e9s a fenntarthat\u00f3s\u00e1g ir\u00e1nti elk\u00f6telezetts\u00e9g ma m\u00e1r elengedhetetlen r\u00e9sze az ipari \u00e9letp\u00e1ly\u00e1nak.<\/p>\n<h2>Az energiarendszerek hat\u00e9konys\u00e1g\u00e1nak n\u00f6vel\u00e9se<\/h2>\n<table>\n<tr>\n<th>Feladat<\/th>\n<th>Megold\u00e1s<\/th>\n<th>P\u00e9lda<\/th>\n<\/tr>\n<tr>\n<td>Energiafogyaszt\u00e1s m\u00e9r\u00e9s<\/td>\n<td>Intelligens m\u00e9r\u0151rendszerek telep\u00edt\u00e9se<\/td>\n<td>Budapesti gy\u00e1rt\u00f3\u00fczem automatiz\u00e1l\u00e1sa<\/td>\n<\/tr>\n<tr>\n<td>Adatfeldolgoz\u00e1s<\/td>\n<td>Fejlett adatkezel\u0151 szoftverek alkalmaz\u00e1sa<\/td>\n<td>Val\u00f3s idej\u0171 energiamonitoring<\/td>\n<\/tr>\n<tr>\n<td>Folyamatos optimaliz\u00e1l\u00e1s<\/td>\n<td>Automatikus energia-be\u00e1ll\u00edt\u00e1sok<\/td>\n<td>Gy\u00e1rt\u00f3sor energiatakar\u00e9kos \u00fczemm\u00f3dja<\/td>\n<\/tr>\n<\/table>\n<blockquote><p>\nAz energiahat\u00e9konys\u00e1g el\u00e9r\u00e9se kiegyens\u00falyozza a v\u00e1llalat versenyk\u00e9pess\u00e9g\u00e9t \u00e9s fenntarthat\u00f3s\u00e1g\u00e1t egy olyan k\u00f6rnyezetben, ahol az energia kih\u00edv\u00e1sai egyre fokoz\u00f3dnak.\n<\/p><\/blockquote>\n<p>Az \u00f6sszetett \u00e9s dinamikus energiapiaci k\u00f6rnyezet kezel\u00e9se \u00e9rdek\u00e9ben a v\u00e1llalatoknak nemcsak korszer\u0171 technol\u00f3gi\u00e1kat kell alkalmazniuk, hanem a helyi, nemzetk\u00f6zi \u00e9s szab\u00e1lyoz\u00e1si keretekhez igaz\u00edtott strat\u00e9gi\u00e1kat is kialak\u00edtaniuk. Ennek r\u00e9szletes \u00e9s megb\u00edzhat\u00f3 forr\u00e1sa lehet a <a href=\"https:\/\/cazeus-hungary.com\/\">http:\/\/cazeus-hungary.com<\/a>, mely szak\u00e9rt\u0151i t\u00e1mogat\u00e1ssal seg\u00edti az energiahat\u00e9konys\u00e1gi projektek sikeres megval\u00f3s\u00edt\u00e1s\u00e1t.<\/p>\n","protected":false},"excerpt":{"rendered":"<p>Az energiaforr\u00e1sok folyamatos dr\u00e1gul\u00e1sa \u00e9s a fenntarthat\u00f3s\u00e1g ir\u00e1nti n\u00f6vekv\u0151 elv\u00e1r\u00e1sok arra \u00f6szt\u00f6nzik a v\u00e1llalatokat, hogy korszer\u0171s\u00edtett energiamenedzsment strat\u00e9gi\u00e1kat alkalmazzanak. K\u00f6z\u00e9p-Eur\u00f3p\u00e1ban k\u00fcl\u00f6n\u00f6sen fontos k\u00e9rd\u00e9s ez, mivel a r\u00e9gi\u00f3 gazdas\u00e1gi szerkezete \u00e9s energiapolitik\u00e1ja \u00f6sszetett kih\u00edv\u00e1sokat tartogat. A v\u00e1llalatok sikeress\u00e9ge szorosan \u00f6sszef\u00fcgg az energiar\u00e1ford\u00edt\u00e1s optimaliz\u00e1l\u00e1s\u00e1val, amely nemcsak k\u00f6lts\u00e9gcs\u00f6kkent\u00e9st, hanem k\u00f6rnyezeti felel\u0151ss\u00e9gv\u00e1llal\u00e1st is jelent. Az energiahat\u00e9konys\u00e1gi strat\u00e9gi\u00e1k alapjai Az [&hellip;]<\/p>\n","protected":false},"author":1,"featured_media":0,"comment_status":"open","ping_status":"open","sticky":false,"template":"","format":"standard","meta":{"footnotes":""},"categories":[1],"tags":[],"class_list":["post-8460","post","type-post","status-publish","format-standard","hentry","category-blog"],"_links":{"self":[{"href":"https:\/\/projecaoastral.meirejcosta.com\/captacao\/wp-json\/wp\/v2\/posts\/8460"}],"collection":[{"href":"https:\/\/projecaoastral.meirejcosta.com\/captacao\/wp-json\/wp\/v2\/posts"}],"about":[{"href":"https:\/\/projecaoastral.meirejcosta.com\/captacao\/wp-json\/wp\/v2\/types\/post"}],"author":[{"embeddable":true,"href":"https:\/\/projecaoastral.meirejcosta.com\/captacao\/wp-json\/wp\/v2\/users\/1"}],"replies":[{"embeddable":true,"href":"https:\/\/projecaoastral.meirejcosta.com\/captacao\/wp-json\/wp\/v2\/comments?post=8460"}],"version-history":[{"count":1,"href":"https:\/\/projecaoastral.meirejcosta.com\/captacao\/wp-json\/wp\/v2\/posts\/8460\/revisions"}],"predecessor-version":[{"id":8461,"href":"https:\/\/projecaoastral.meirejcosta.com\/captacao\/wp-json\/wp\/v2\/posts\/8460\/revisions\/8461"}],"wp:attachment":[{"href":"https:\/\/projecaoastral.meirejcosta.com\/captacao\/wp-json\/wp\/v2\/media?parent=8460"}],"wp:term":[{"taxonomy":"category","embeddable":true,"href":"https:\/\/projecaoastral.meirejcosta.com\/captacao\/wp-json\/wp\/v2\/categories?post=8460"},{"taxonomy":"post_tag","embeddable":true,"href":"https:\/\/projecaoastral.meirejcosta.com\/captacao\/wp-json\/wp\/v2\/tags?post=8460"}],"curies":[{"name":"wp","href":"https:\/\/api.w.org\/{rel}","templated":true}]}}